{"id":3445,"date":"2007-05-05T15:27:00","date_gmt":"2007-05-05T13:27:00","guid":{"rendered":"https:\/\/www.speziell.net\/beta\/?p=3445"},"modified":"2023-11-06T18:25:59","modified_gmt":"2023-11-06T17:25:59","slug":"design-annual-2007","status":"publish","type":"post","link":"https:\/\/www.speziell.net\/beta\/2007\/05\/05\/design-annual-2007\/","title":{"rendered":"The Design Annual 2007"},"content":{"rendered":"\t\t<div data-elementor-type=\"wp-post\" data-elementor-id=\"3445\" class=\"elementor elementor-3445\" data-elementor-post-type=\"post\">\n\t\t\t\t\t\t<section class=\"elementor-section elementor-top-section elementor-element elementor-element-465cb12a elementor-section-boxed elementor-section-height-default elementor-section-height-default\" data-id=\"465cb12a\" data-element_type=\"section\" data-e-type=\"section\">\n\t\t\t\t\t\t<div class=\"elementor-container elementor-column-gap-default\">\n\t\t\t\t\t<div class=\"elementor-column elementor-col-100 elementor-top-column elementor-element elementor-element-5a8bd4c7\" data-id=\"5a8bd4c7\" data-element_type=\"column\" data-e-type=\"column\">\n\t\t\t<div class=\"elementor-widget-wrap elementor-element-populated\">\n\t\t\t\t\t\t<div class=\"elementor-element elementor-element-6f2dfdb6 elementor-hidden-mobile elementor-hidden-tablet elementor-widget elementor-widget-image\" data-id=\"6f2dfdb6\" data-element_type=\"widget\" data-e-type=\"widget\" data-widget_type=\"image.default\">\n\t\t\t\t<div class=\"elementor-widget-container\">\n\t\t\t\t\t\t\t\t\t\t\t\t\t\t\t\t<a href=\"https:\/\/www.speziell.net\/beta\/home\/\">\n\t\t\t\t\t\t\t<img decoding=\"async\" width=\"100\" height=\"100\" src=\"https:\/\/www.speziell.net\/beta\/wp-content\/uploads\/2023\/02\/speziell_logo_grau-1.svg\" class=\"attachment-large size-large wp-image-731\" alt=\"Designstudio speziell\u00ae \u2013 Fleckenstein Pohlmann Schwer GbR\" \/>\t\t\t\t\t\t\t\t<\/a>\n\t\t\t\t\t\t\t\t\t\t\t\t\t\t\t<\/div>\n\t\t\t\t<\/div>\n\t\t\t\t<div class=\"elementor-element elementor-element-6d970671 elementor-hidden-desktop elementor-widget elementor-widget-image\" data-id=\"6d970671\" data-element_type=\"widget\" data-e-type=\"widget\" data-widget_type=\"image.default\">\n\t\t\t\t<div class=\"elementor-widget-container\">\n\t\t\t\t\t\t\t\t\t\t\t\t\t\t\t\t<a href=\"https:\/\/www.speziell.net\/beta\/home\/\">\n\t\t\t\t\t\t\t<img decoding=\"async\" width=\"100\" height=\"100\" src=\"https:\/\/www.speziell.net\/beta\/wp-content\/uploads\/2023\/03\/speziell_logo_oSubline.svg\" class=\"attachment-large size-large wp-image-2739\" alt=\"\" \/>\t\t\t\t\t\t\t\t<\/a>\n\t\t\t\t\t\t\t\t\t\t\t\t\t\t\t<\/div>\n\t\t\t\t<\/div>\n\t\t\t\t\t<\/div>\n\t\t<\/div>\n\t\t\t\t\t<\/div>\n\t\t<\/section>\n\t\t\t\t<section class=\"elementor-section elementor-top-section elementor-element elementor-element-4fcc2092 elementor-section-boxed elementor-section-height-default elementor-section-height-default\" data-id=\"4fcc2092\" data-element_type=\"section\" data-e-type=\"section\">\n\t\t\t\t\t\t<div class=\"elementor-container elementor-column-gap-default\">\n\t\t\t\t\t<div class=\"elementor-column elementor-col-50 elementor-top-column elementor-element elementor-element-3f1e3cb1\" data-id=\"3f1e3cb1\" data-element_type=\"column\" data-e-type=\"column\">\n\t\t\t<div class=\"elementor-widget-wrap elementor-element-populated\">\n\t\t\t\t\t\t<div class=\"elementor-element elementor-element-201d3c3f elementor-widget elementor-widget-heading\" data-id=\"201d3c3f\" data-element_type=\"widget\" data-e-type=\"widget\" data-widget_type=\"heading.default\">\n\t\t\t\t<div class=\"elementor-widget-container\">\n\t\t\t\t\t<h2 class=\"elementor-heading-title elementor-size-default\">The Design Annual 2007<\/h2>\t\t\t\t<\/div>\n\t\t\t\t<\/div>\n\t\t\t\t<div class=\"elementor-element elementor-element-f34eac7 elementor-widget elementor-widget-text-editor\" data-id=\"f34eac7\" data-element_type=\"widget\" data-e-type=\"widget\" data-widget_type=\"text-editor.default\">\n\t\t\t\t<div class=\"elementor-widget-container\">\n\t\t\t\t\t\t\t\t\t<p><strong><span class=\"text\">Konzeptk\u00fcche zum Thema MultiMatic<\/span><\/strong><\/p>\t\t\t\t\t\t\t\t<\/div>\n\t\t\t\t<\/div>\n\t\t\t\t<div class=\"elementor-element elementor-element-7f96708a elementor-widget elementor-widget-text-editor\" data-id=\"7f96708a\" data-element_type=\"widget\" data-e-type=\"widget\" data-widget_type=\"text-editor.default\">\n\t\t\t\t<div class=\"elementor-widget-container\">\n\t\t\t\t\t\t\t\t\t<p class=\"text\">Die Kunststoffschienen verlaufen als dekorativer M\u00e4ander \u00fcber Wandfl\u00e4chen und bilden durch ihr Auf und Ab unterschiedliche Ebenen. Haken, Klemmen, Gummib\u00e4nder, K\u00f6rbe und andere Systemteile k\u00f6nnen auf Griff-, Augen- und \u00dcberkopfh\u00f6he positioniert werden. An den Kreuzungspunkten der Schienen verdichten sich die Fixierungsm\u00f6glichkeiten. So macht die pr\u00e4gnante Struktur das Aufbewahren von Allt\u00e4glichem zu etwas Besonderem.<\/p><p class=\"text\">Der K\u00fcchenblock \u00fcbernimmt die formale Idee und \u00fcbertr\u00e4gt sie in die dritte Dimension. Es ergeben sich sanfte Nischen und Winkel, die den Raum strukturieren und gleichzeitig die Abl\u00e4ufe entlang der Arbeitsplatte positiv beeinflussen. Der konkave Sp\u00fclenbereich ist entsprechend dem Aktionsradius geformt und an den konvexen Zonen kann man bei der Vorbereitung einander zugeneigt hantieren. Der Kochbereich ragt heraus, so dass im Team gekocht werden kann. Auch die Mittelwand ist mit MultiMatic ausgestattet und wird ebenso zu einer &#8222;Pinwand&#8220; f\u00fcr Kochutensilien und pers\u00f6nliche Gegenst\u00e4nde. Das K\u00fcchenboard wiederholt das Spiel der ansteigenden und geraden Fl\u00e4chen, durchdringt die Linien der Funktionsschienen und birgt in seiner ungew\u00f6hnlichen Form vielf\u00e4ltige Nutzungsm\u00f6glichkeiten.<\/p><p class=\"text\">Die K\u00fcche als selbstbewusstes M\u00f6bel steht im Mittelpunkt dieser Studie: Sie l\u00f6st sich von der Wand um ein bedeutender Teil des Wohnraums zu werden. Das Kochen und Bereitstellen der Dinge, die man daf\u00fcr braucht, ist gestalterisch inszeniert. Die vier Funktionsseiten der Kochinsel bieten dar\u00fcber hinaus unterschiedliche Anschlussm\u00f6glichkeiten zu weiteren Wohnbereichen und Einrichtungsgegenst\u00e4nden.<\/p><p class=\"text\">Hersteller:<br \/><a href=\"https:\/\/www.siematic.com\/\" target=\"_blank\" rel=\"noopener\">https:\/\/www.siematic.com\/<\/a><\/p>\t\t\t\t\t\t\t\t<\/div>\n\t\t\t\t<\/div>\n\t\t\t\t\t<\/div>\n\t\t<\/div>\n\t\t\t\t<div class=\"elementor-column elementor-col-50 elementor-top-column elementor-element elementor-element-8acb059\" data-id=\"8acb059\" data-element_type=\"column\" data-e-type=\"column\">\n\t\t\t<div class=\"elementor-widget-wrap elementor-element-populated\">\n\t\t\t\t\t\t<div class=\"elementor-element elementor-element-35b499c8 elementor-widget elementor-widget-gallery\" data-id=\"35b499c8\" data-element_type=\"widget\" data-e-type=\"widget\" data-settings=\"{&quot;gallery_layout&quot;:&quot;masonry&quot;,&quot;columns&quot;:2,&quot;lazyload&quot;:&quot;yes&quot;,&quot;columns_tablet&quot;:2,&quot;columns_mobile&quot;:1,&quot;gap&quot;:{&quot;unit&quot;:&quot;px&quot;,&quot;size&quot;:10,&quot;sizes&quot;:[]},&quot;gap_tablet&quot;:{&quot;unit&quot;:&quot;px&quot;,&quot;size&quot;:10,&quot;sizes&quot;:[]},&quot;gap_mobile&quot;:{&quot;unit&quot;:&quot;px&quot;,&quot;size&quot;:10,&quot;sizes&quot;:[]},&quot;link_to&quot;:&quot;file&quot;,&quot;overlay_background&quot;:&quot;yes&quot;,&quot;content_hover_animation&quot;:&quot;fade-in&quot;}\" data-widget_type=\"gallery.default\">\n\t\t\t\t<div class=\"elementor-widget-container\">\n\t\t\t\t\t\t\t<div class=\"elementor-gallery__container\">\n\t\t\t\t\t\t\t<a class=\"e-gallery-item elementor-gallery-item elementor-animated-content\" href=\"https:\/\/www.speziell.net\/beta\/wp-content\/uploads\/2007\/05\/2007_SieMatic_DESIGNANNUAL_by_speziell_Kueche-Front-Wand-1.jpg\" data-elementor-open-lightbox=\"yes\" data-elementor-lightbox-slideshow=\"35b499c8\" data-elementor-lightbox-title=\"SieMatic Design Annual 2007 Frankfurt\" data-elementor-lightbox-description=\"Die konvexen und konkaven Winkel der K\u00fcchenfront erzeugen kommunikative Kochsituationen\" data-e-action-hash=\"#elementor-action%3Aaction%3Dlightbox%26settings%3DeyJpZCI6MzQ0NywidXJsIjoiaHR0cHM6XC9cL3d3dy5zcGV6aWVsbC5uZXRcL2JldGFcL3dwLWNvbnRlbnRcL3VwbG9hZHNcLzIwMDdcLzA1XC8yMDA3X1NpZU1hdGljX0RFU0lHTkFOTlVBTF9ieV9zcGV6aWVsbF9LdWVjaGUtRnJvbnQtV2FuZC0xLmpwZyIsInNsaWRlc2hvdyI6IjM1YjQ5OWM4In0%3D\">\n\t\t\t\t\t<div class=\"e-gallery-image elementor-gallery-item__image\" data-thumbnail=\"https:\/\/www.speziell.net\/beta\/wp-content\/uploads\/2007\/05\/2007_SieMatic_DESIGNANNUAL_by_speziell_Kueche-Front-Wand-1-1024x683.jpg\" data-width=\"800\" data-height=\"534\" aria-label=\"Die konvexen und konkaven Winkel der K\u00fcchenfront erzeugen kommunikative Kochsituationen\" role=\"img\" ><\/div>\n\t\t\t\t\t\t\t\t\t\t\t<div class=\"elementor-gallery-item__overlay\"><\/div>\n\t\t\t\t\t\t\t\t\t\t\t\t\t\t<\/a>\n\t\t\t\t\t\t\t<a class=\"e-gallery-item elementor-gallery-item elementor-animated-content\" href=\"https:\/\/www.speziell.net\/beta\/wp-content\/uploads\/2007\/05\/2007_SieMatic_DESIGNANNUAL_by_speziell_Wand-Detail.jpg\" data-elementor-open-lightbox=\"yes\" data-elementor-lightbox-slideshow=\"35b499c8\" data-elementor-lightbox-title=\"SieMatic Design Annual 2007 Frankfurt\" data-elementor-lightbox-description=\"Die Multimatic-Schiene als grafisches und funktionales Ornament - Thema: MultiMatic. My private identity.\" data-e-action-hash=\"#elementor-action%3Aaction%3Dlightbox%26settings%3DeyJpZCI6MzQ1MiwidXJsIjoiaHR0cHM6XC9cL3d3dy5zcGV6aWVsbC5uZXRcL2JldGFcL3dwLWNvbnRlbnRcL3VwbG9hZHNcLzIwMDdcLzA1XC8yMDA3X1NpZU1hdGljX0RFU0lHTkFOTlVBTF9ieV9zcGV6aWVsbF9XYW5kLURldGFpbC5qcGciLCJzbGlkZXNob3ciOiIzNWI0OTljOCJ9\">\n\t\t\t\t\t<div class=\"e-gallery-image elementor-gallery-item__image\" data-thumbnail=\"https:\/\/www.speziell.net\/beta\/wp-content\/uploads\/2007\/05\/2007_SieMatic_DESIGNANNUAL_by_speziell_Wand-Detail-1024x683.jpg\" data-width=\"800\" data-height=\"534\" aria-label=\"Die Multimatic-Schiene als grafisches und funktionales Ornament - Thema: MultiMatic. My private identity.\" role=\"img\" ><\/div>\n\t\t\t\t\t\t\t\t\t\t\t<div class=\"elementor-gallery-item__overlay\"><\/div>\n\t\t\t\t\t\t\t\t\t\t\t\t\t\t<\/a>\n\t\t\t\t\t\t\t<a class=\"e-gallery-item elementor-gallery-item elementor-animated-content\" href=\"https:\/\/www.speziell.net\/beta\/wp-content\/uploads\/2007\/05\/2007_SieMatic_DESIGNANNUAL_by_speziell_Wand-Radio-Detail.jpg\" data-elementor-open-lightbox=\"yes\" data-elementor-lightbox-slideshow=\"35b499c8\" data-elementor-lightbox-title=\"SieMatic Design Annual 2007 Frankfurt\" data-elementor-lightbox-description=\"Die Multimatic-Schiene als grafisches und funktionales Ornament - Thema: MultiMatic. My private identity.\" data-e-action-hash=\"#elementor-action%3Aaction%3Dlightbox%26settings%3DeyJpZCI6MzQ1MywidXJsIjoiaHR0cHM6XC9cL3d3dy5zcGV6aWVsbC5uZXRcL2JldGFcL3dwLWNvbnRlbnRcL3VwbG9hZHNcLzIwMDdcLzA1XC8yMDA3X1NpZU1hdGljX0RFU0lHTkFOTlVBTF9ieV9zcGV6aWVsbF9XYW5kLVJhZGlvLURldGFpbC5qcGciLCJzbGlkZXNob3ciOiIzNWI0OTljOCJ9\">\n\t\t\t\t\t<div class=\"e-gallery-image elementor-gallery-item__image\" data-thumbnail=\"https:\/\/www.speziell.net\/beta\/wp-content\/uploads\/2007\/05\/2007_SieMatic_DESIGNANNUAL_by_speziell_Wand-Radio-Detail-1024x683.jpg\" data-width=\"800\" data-height=\"534\" aria-label=\"Die Multimatic-Schiene als grafisches und funktionales Ornament - Thema: MultiMatic. My private identity.\" role=\"img\" ><\/div>\n\t\t\t\t\t\t\t\t\t\t\t<div class=\"elementor-gallery-item__overlay\"><\/div>\n\t\t\t\t\t\t\t\t\t\t\t\t\t\t<\/a>\n\t\t\t\t\t\t\t<a class=\"e-gallery-item elementor-gallery-item elementor-animated-content\" href=\"https:\/\/www.speziell.net\/beta\/wp-content\/uploads\/2007\/05\/2007_SieMatic_DESIGNANNUAL_by_speziell_Kueche-Rueckseite-Wand-1.jpg\" data-elementor-open-lightbox=\"yes\" data-elementor-lightbox-slideshow=\"35b499c8\" data-elementor-lightbox-title=\"SieMatic Design Annual 2007 Frankfurt\" data-elementor-lightbox-description=\"Die Konturlinie der K\u00fcchenfronten wird als Ornament auf die R\u00fcckw\u00e4nde \u00fcbertragen\" data-e-action-hash=\"#elementor-action%3Aaction%3Dlightbox%26settings%3DeyJpZCI6MzQ1MCwidXJsIjoiaHR0cHM6XC9cL3d3dy5zcGV6aWVsbC5uZXRcL2JldGFcL3dwLWNvbnRlbnRcL3VwbG9hZHNcLzIwMDdcLzA1XC8yMDA3X1NpZU1hdGljX0RFU0lHTkFOTlVBTF9ieV9zcGV6aWVsbF9LdWVjaGUtUnVlY2tzZWl0ZS1XYW5kLTEuanBnIiwic2xpZGVzaG93IjoiMzViNDk5YzgifQ%3D%3D\">\n\t\t\t\t\t<div class=\"e-gallery-image elementor-gallery-item__image\" data-thumbnail=\"https:\/\/www.speziell.net\/beta\/wp-content\/uploads\/2007\/05\/2007_SieMatic_DESIGNANNUAL_by_speziell_Kueche-Rueckseite-Wand-1-1024x683.jpg\" data-width=\"800\" data-height=\"534\" aria-label=\"Die Konturlinie der K\u00fcchenfronten wird als Ornament auf die R\u00fcckw\u00e4nde \u00fcbertragen\" role=\"img\" ><\/div>\n\t\t\t\t\t\t\t\t\t\t\t<div class=\"elementor-gallery-item__overlay\"><\/div>\n\t\t\t\t\t\t\t\t\t\t\t\t\t\t<\/a>\n\t\t\t\t\t\t\t<a class=\"e-gallery-item elementor-gallery-item elementor-animated-content\" href=\"https:\/\/www.speziell.net\/beta\/wp-content\/uploads\/2007\/05\/2007_SieMatic_DESIGNANNUAL_by_speziell_Kueche-Front.jpg\" data-elementor-open-lightbox=\"yes\" data-elementor-lightbox-slideshow=\"35b499c8\" data-elementor-lightbox-title=\"SieMatic Design Annual 2007 Frankfurt\" data-elementor-lightbox-description=\"Die Konturlinie der K\u00fcchenfronten wird als Ornament auf die R\u00fcckw\u00e4nde \u00fcbertragen\" data-e-action-hash=\"#elementor-action%3Aaction%3Dlightbox%26settings%3DeyJpZCI6MzQ0OSwidXJsIjoiaHR0cHM6XC9cL3d3dy5zcGV6aWVsbC5uZXRcL2JldGFcL3dwLWNvbnRlbnRcL3VwbG9hZHNcLzIwMDdcLzA1XC8yMDA3X1NpZU1hdGljX0RFU0lHTkFOTlVBTF9ieV9zcGV6aWVsbF9LdWVjaGUtRnJvbnQuanBnIiwic2xpZGVzaG93IjoiMzViNDk5YzgifQ%3D%3D\">\n\t\t\t\t\t<div class=\"e-gallery-image elementor-gallery-item__image\" data-thumbnail=\"https:\/\/www.speziell.net\/beta\/wp-content\/uploads\/2007\/05\/2007_SieMatic_DESIGNANNUAL_by_speziell_Kueche-Front-1024x683.jpg\" data-width=\"800\" data-height=\"534\" aria-label=\"Die Konturlinie der K\u00fcchenfronten wird als Ornament auf die R\u00fcckw\u00e4nde \u00fcbertragen\" role=\"img\" ><\/div>\n\t\t\t\t\t\t\t\t\t\t\t<div class=\"elementor-gallery-item__overlay\"><\/div>\n\t\t\t\t\t\t\t\t\t\t\t\t\t\t<\/a>\n\t\t\t\t\t<\/div>\n\t\t\t\t\t<\/div>\n\t\t\t\t<\/div>\n\t\t\t\t\t<\/div>\n\t\t<\/div>\n\t\t\t\t\t<\/div>\n\t\t<\/section>\n\t\t\t\t<\/div>\n\t\t","protected":false},"excerpt":{"rendered":"<p>The Design Annual 2007 Konzeptk\u00fcche zum Thema MultiMatic Die Kunststoffschienen verlaufen als dekorativer M\u00e4ander \u00fcber Wandfl\u00e4chen und bilden durch ihr Auf und Ab unterschiedliche Ebenen. Haken, Klemmen, Gummib\u00e4nder, K\u00f6rbe und andere Systemteile k\u00f6nnen auf Griff-, Augen- und \u00dcberkopfh\u00f6he positioniert werden. An den Kreuzungspunkten der Schienen verdichten sich die Fixierungsm\u00f6glichkeiten. So macht die pr\u00e4gnante Struktur das [&hellip;]<\/p>\n","protected":false},"author":1,"featured_media":3447,"comment_status":"open","ping_status":"open","sticky":false,"template":"","format":"standard","meta":{"footnotes":""},"categories":[8],"tags":[],"class_list":["post-3445","post","type-post","status-publish","format-standard","has-post-thumbnail","hentry","category-ausstellung"],"_links":{"self":[{"href":"https:\/\/www.speziell.net\/beta\/wp-json\/wp\/v2\/posts\/3445","targetHints":{"allow":["GET"]}}],"collection":[{"href":"https:\/\/www.speziell.net\/beta\/wp-json\/wp\/v2\/posts"}],"about":[{"href":"https:\/\/www.speziell.net\/beta\/wp-json\/wp\/v2\/types\/post"}],"author":[{"embeddable":true,"href":"https:\/\/www.speziell.net\/beta\/wp-json\/wp\/v2\/users\/1"}],"replies":[{"embeddable":true,"href":"https:\/\/www.speziell.net\/beta\/wp-json\/wp\/v2\/comments?post=3445"}],"version-history":[{"count":17,"href":"https:\/\/www.speziell.net\/beta\/wp-json\/wp\/v2\/posts\/3445\/revisions"}],"predecessor-version":[{"id":5192,"href":"https:\/\/www.speziell.net\/beta\/wp-json\/wp\/v2\/posts\/3445\/revisions\/5192"}],"wp:featuredmedia":[{"embeddable":true,"href":"https:\/\/www.speziell.net\/beta\/wp-json\/wp\/v2\/media\/3447"}],"wp:attachment":[{"href":"https:\/\/www.speziell.net\/beta\/wp-json\/wp\/v2\/media?parent=3445"}],"wp:term":[{"taxonomy":"category","embeddable":true,"href":"https:\/\/www.speziell.net\/beta\/wp-json\/wp\/v2\/categories?post=3445"},{"taxonomy":"post_tag","embeddable":true,"href":"https:\/\/www.speziell.net\/beta\/wp-json\/wp\/v2\/tags?post=3445"}],"curies":[{"name":"wp","href":"https:\/\/api.w.org\/{rel}","templated":true}]}}