{"id":3462,"date":"2008-05-22T16:04:00","date_gmt":"2008-05-22T14:04:00","guid":{"rendered":"https:\/\/www.speziell.net\/beta\/?p=3462"},"modified":"2023-10-31T16:27:38","modified_gmt":"2023-10-31T15:27:38","slug":"the-design-annual-2008","status":"publish","type":"post","link":"https:\/\/www.speziell.net\/beta\/2008\/05\/22\/the-design-annual-2008\/","title":{"rendered":"The Design Annual 2008"},"content":{"rendered":"\t\t<div data-elementor-type=\"wp-post\" data-elementor-id=\"3462\" class=\"elementor elementor-3462\" data-elementor-post-type=\"post\">\n\t\t\t\t\t\t<section class=\"elementor-section elementor-top-section elementor-element elementor-element-2ecd6de8 elementor-section-boxed elementor-section-height-default elementor-section-height-default\" data-id=\"2ecd6de8\" data-element_type=\"section\" data-e-type=\"section\">\n\t\t\t\t\t\t<div class=\"elementor-container elementor-column-gap-default\">\n\t\t\t\t\t<div class=\"elementor-column elementor-col-100 elementor-top-column elementor-element elementor-element-50857cba\" data-id=\"50857cba\" data-element_type=\"column\" data-e-type=\"column\">\n\t\t\t<div class=\"elementor-widget-wrap elementor-element-populated\">\n\t\t\t\t\t\t<div class=\"elementor-element elementor-element-358d2117 elementor-hidden-mobile elementor-hidden-tablet elementor-widget elementor-widget-image\" data-id=\"358d2117\" data-element_type=\"widget\" data-e-type=\"widget\" data-widget_type=\"image.default\">\n\t\t\t\t<div class=\"elementor-widget-container\">\n\t\t\t\t\t\t\t\t\t\t\t\t\t\t\t\t<a href=\"https:\/\/www.speziell.net\/beta\/home\/\">\n\t\t\t\t\t\t\t<img decoding=\"async\" width=\"100\" height=\"100\" src=\"https:\/\/www.speziell.net\/beta\/wp-content\/uploads\/2023\/02\/speziell_logo_grau-1.svg\" class=\"attachment-large size-large wp-image-731\" alt=\"Designstudio speziell\u00ae \u2013 Fleckenstein Pohlmann Schwer GbR\" \/>\t\t\t\t\t\t\t\t<\/a>\n\t\t\t\t\t\t\t\t\t\t\t\t\t\t\t<\/div>\n\t\t\t\t<\/div>\n\t\t\t\t<div class=\"elementor-element elementor-element-733e40ec elementor-hidden-desktop elementor-widget elementor-widget-image\" data-id=\"733e40ec\" data-element_type=\"widget\" data-e-type=\"widget\" data-widget_type=\"image.default\">\n\t\t\t\t<div class=\"elementor-widget-container\">\n\t\t\t\t\t\t\t\t\t\t\t\t\t\t\t\t<a href=\"https:\/\/www.speziell.net\/beta\/home\/\">\n\t\t\t\t\t\t\t<img decoding=\"async\" width=\"100\" height=\"100\" src=\"https:\/\/www.speziell.net\/beta\/wp-content\/uploads\/2023\/03\/speziell_logo_oSubline.svg\" class=\"attachment-large size-large wp-image-2739\" alt=\"\" \/>\t\t\t\t\t\t\t\t<\/a>\n\t\t\t\t\t\t\t\t\t\t\t\t\t\t\t<\/div>\n\t\t\t\t<\/div>\n\t\t\t\t\t<\/div>\n\t\t<\/div>\n\t\t\t\t\t<\/div>\n\t\t<\/section>\n\t\t\t\t<section class=\"elementor-section elementor-top-section elementor-element elementor-element-20fe8d2f elementor-section-boxed elementor-section-height-default elementor-section-height-default\" data-id=\"20fe8d2f\" data-element_type=\"section\" data-e-type=\"section\">\n\t\t\t\t\t\t<div class=\"elementor-container elementor-column-gap-default\">\n\t\t\t\t\t<div class=\"elementor-column elementor-col-50 elementor-top-column elementor-element elementor-element-4563f4b1\" data-id=\"4563f4b1\" data-element_type=\"column\" data-e-type=\"column\">\n\t\t\t<div class=\"elementor-widget-wrap elementor-element-populated\">\n\t\t\t\t\t\t<div class=\"elementor-element elementor-element-76d70fdb elementor-widget elementor-widget-heading\" data-id=\"76d70fdb\" data-element_type=\"widget\" data-e-type=\"widget\" data-widget_type=\"heading.default\">\n\t\t\t\t<div class=\"elementor-widget-container\">\n\t\t\t\t\t<h2 class=\"elementor-heading-title elementor-size-default\">The Design Annual 2008<\/h2>\t\t\t\t<\/div>\n\t\t\t\t<\/div>\n\t\t\t\t<div class=\"elementor-element elementor-element-2bcda6fd elementor-widget elementor-widget-text-editor\" data-id=\"2bcda6fd\" data-element_type=\"widget\" data-e-type=\"widget\" data-widget_type=\"text-editor.default\">\n\t\t\t\t<div class=\"elementor-widget-container\">\n\t\t\t\t\t\t\t\t\t<p><strong><span class=\"text\">Motto: Showtime<\/span><\/strong><\/p>\t\t\t\t\t\t\t\t<\/div>\n\t\t\t\t<\/div>\n\t\t\t\t<div class=\"elementor-element elementor-element-34b23e1e elementor-widget elementor-widget-text-editor\" data-id=\"34b23e1e\" data-element_type=\"widget\" data-e-type=\"widget\" data-widget_type=\"text-editor.default\">\n\t\t\t\t<div class=\"elementor-widget-container\">\n\t\t\t\t\t\t\t\t\t<p class=\"text\">Der Hersteller Studio Domo pr\u00e4sentiert sich auf der Messe The Design Annual 2008 in Frankfurt.<\/p>\n<p class=\"text\">Die Gestaltungswerte von Studio Domo sollen vermittelt werden: Einfachheit, Klarheit, Originalit\u00e4t verbunden mit einem hohen Nutzwert.<\/p>\n<p class=\"text\">Die W\u00e4nde des Messestandes sind aus den Modulen des Kunststoff-Trolleys ALLY gebaut. Sie bilden einen Rahmen f\u00fcr die bisherigen Produkte, Neuheiten und die Portraits der Designer. F\u00fcr weitere zwei Messen werden die Wandmodule umgruppiert um danach &#8211; gem\u00e4\u00df ihres eigentlichen Zwecks &#8211; wieder als Tolleys zu funktionieren.<\/p>\n<p class=\"text\">Die intensive Farbe und die Rhythmik der Wand-Module erzeugen bereits aus der Ferne Aufmerksamkeit. Alle Einzel-M\u00f6bel und Accessoires sind in Wei\u00df gehalten und werden auf angeh\u00e4ngten Schildchen genauer beschrieben. So erh\u00e4lt der Besucher zun\u00e4chst einen pr\u00e4gnanten Gesamteindruck und kann sich dann detailliert informieren.<\/p>\n<p>h<a href=\"http:\/\/studiodomo.net\/en\" target=\"_blank\">ttp:\/\/studiodomo.net\/en<\/a><\/p>\t\t\t\t\t\t\t\t<\/div>\n\t\t\t\t<\/div>\n\t\t\t\t\t<\/div>\n\t\t<\/div>\n\t\t\t\t<div class=\"elementor-column elementor-col-50 elementor-top-column elementor-element elementor-element-3a2e0a93\" data-id=\"3a2e0a93\" data-element_type=\"column\" data-e-type=\"column\">\n\t\t\t<div class=\"elementor-widget-wrap elementor-element-populated\">\n\t\t\t\t\t\t<div class=\"elementor-element elementor-element-7cf8b4b4 elementor-widget elementor-widget-gallery\" data-id=\"7cf8b4b4\" data-element_type=\"widget\" data-e-type=\"widget\" data-settings=\"{&quot;gallery_layout&quot;:&quot;masonry&quot;,&quot;columns&quot;:2,&quot;lazyload&quot;:&quot;yes&quot;,&quot;columns_tablet&quot;:2,&quot;columns_mobile&quot;:1,&quot;gap&quot;:{&quot;unit&quot;:&quot;px&quot;,&quot;size&quot;:10,&quot;sizes&quot;:[]},&quot;gap_tablet&quot;:{&quot;unit&quot;:&quot;px&quot;,&quot;size&quot;:10,&quot;sizes&quot;:[]},&quot;gap_mobile&quot;:{&quot;unit&quot;:&quot;px&quot;,&quot;size&quot;:10,&quot;sizes&quot;:[]},&quot;link_to&quot;:&quot;file&quot;,&quot;overlay_background&quot;:&quot;yes&quot;,&quot;content_hover_animation&quot;:&quot;fade-in&quot;}\" data-widget_type=\"gallery.default\">\n\t\t\t\t<div class=\"elementor-widget-container\">\n\t\t\t\t\t\t\t<div class=\"elementor-gallery__container\">\n\t\t\t\t\t\t\t<a class=\"e-gallery-item elementor-gallery-item elementor-animated-content\" href=\"https:\/\/www.speziell.net\/beta\/wp-content\/uploads\/2023\/05\/2008_Studio-Domo_DESIGNANNUAL_by_speziell_Messestand-total-1.jpg\" data-elementor-open-lightbox=\"yes\" data-elementor-lightbox-slideshow=\"7cf8b4b4\" data-elementor-lightbox-title=\"2008_Studio Domo_DESIGNANNUAL_by_speziell_Messestand total 1\" data-elementor-lightbox-description=\"Die markante Wand in leuchtendem Orange erzeugt einen Hintergrund f\u00fcr die zur\u00fcckhaltend gestalteten Produkte\" data-e-action-hash=\"#elementor-action%3Aaction%3Dlightbox%26settings%3DeyJpZCI6MzQ2MywidXJsIjoiaHR0cHM6XC9cL3d3dy5zcGV6aWVsbC5uZXRcL2JldGFcL3dwLWNvbnRlbnRcL3VwbG9hZHNcLzIwMjNcLzA1XC8yMDA4X1N0dWRpby1Eb21vX0RFU0lHTkFOTlVBTF9ieV9zcGV6aWVsbF9NZXNzZXN0YW5kLXRvdGFsLTEuanBnIiwic2xpZGVzaG93IjoiN2NmOGI0YjQifQ%3D%3D\">\n\t\t\t\t\t<div class=\"e-gallery-image elementor-gallery-item__image\" data-thumbnail=\"https:\/\/www.speziell.net\/beta\/wp-content\/uploads\/2023\/05\/2008_Studio-Domo_DESIGNANNUAL_by_speziell_Messestand-total-1-1024x683.jpg\" data-width=\"800\" data-height=\"534\" aria-label=\"Die markante Wand in leuchtendem Orange erzeugt einen Hintergrund f\u00fcr die zur\u00fcckhaltend gestalteten Produkte\" role=\"img\" ><\/div>\n\t\t\t\t\t\t\t\t\t\t\t<div class=\"elementor-gallery-item__overlay\"><\/div>\n\t\t\t\t\t\t\t\t\t\t\t\t\t\t<\/a>\n\t\t\t\t\t\t\t<a class=\"e-gallery-item elementor-gallery-item elementor-animated-content\" href=\"https:\/\/www.speziell.net\/beta\/wp-content\/uploads\/2023\/05\/2008_Studio-Domo_DESIGNANNUAL_by_speziell_Messestand-total-5.jpg\" data-elementor-open-lightbox=\"yes\" data-elementor-lightbox-slideshow=\"7cf8b4b4\" data-elementor-lightbox-title=\"2008_Studio Domo_DESIGNANNUAL_by_speziell_Messestand total 5\" data-elementor-lightbox-description=\"Portraits von Designerinnen und Designern der Produkte von Studio Domo werden auf hinterleuchteten Fl\u00e4chen gezeigt \" data-e-action-hash=\"#elementor-action%3Aaction%3Dlightbox%26settings%3DeyJpZCI6MzQ2NywidXJsIjoiaHR0cHM6XC9cL3d3dy5zcGV6aWVsbC5uZXRcL2JldGFcL3dwLWNvbnRlbnRcL3VwbG9hZHNcLzIwMjNcLzA1XC8yMDA4X1N0dWRpby1Eb21vX0RFU0lHTkFOTlVBTF9ieV9zcGV6aWVsbF9NZXNzZXN0YW5kLXRvdGFsLTUuanBnIiwic2xpZGVzaG93IjoiN2NmOGI0YjQifQ%3D%3D\">\n\t\t\t\t\t<div class=\"e-gallery-image elementor-gallery-item__image\" data-thumbnail=\"https:\/\/www.speziell.net\/beta\/wp-content\/uploads\/2023\/05\/2008_Studio-Domo_DESIGNANNUAL_by_speziell_Messestand-total-5-683x1024.jpg\" data-width=\"683\" data-height=\"1024\" aria-label=\"Portraits von Designerinnen und Designern der Produkte von Studio Domo werden auf hinterleuchteten Fl\u00e4chen gezeigt\" role=\"img\" ><\/div>\n\t\t\t\t\t\t\t\t\t\t\t<div class=\"elementor-gallery-item__overlay\"><\/div>\n\t\t\t\t\t\t\t\t\t\t\t\t\t\t<\/a>\n\t\t\t\t\t\t\t<a class=\"e-gallery-item elementor-gallery-item elementor-animated-content\" href=\"https:\/\/www.speziell.net\/beta\/wp-content\/uploads\/2023\/05\/2008_Studio-Domo_DESIGNANNUAL_by_speziell_Messestand-total-2.jpg\" data-elementor-open-lightbox=\"yes\" data-elementor-lightbox-slideshow=\"7cf8b4b4\" data-elementor-lightbox-title=\"2008_Studio Domo_DESIGNANNUAL_by_speziell_Messestand total 2\" data-elementor-lightbox-description=\"Produkte des Herstellers werden auf der Grundfl\u00e4che arrangiert\" data-e-action-hash=\"#elementor-action%3Aaction%3Dlightbox%26settings%3DeyJpZCI6MzQ2NCwidXJsIjoiaHR0cHM6XC9cL3d3dy5zcGV6aWVsbC5uZXRcL2JldGFcL3dwLWNvbnRlbnRcL3VwbG9hZHNcLzIwMjNcLzA1XC8yMDA4X1N0dWRpby1Eb21vX0RFU0lHTkFOTlVBTF9ieV9zcGV6aWVsbF9NZXNzZXN0YW5kLXRvdGFsLTIuanBnIiwic2xpZGVzaG93IjoiN2NmOGI0YjQifQ%3D%3D\">\n\t\t\t\t\t<div class=\"e-gallery-image elementor-gallery-item__image\" data-thumbnail=\"https:\/\/www.speziell.net\/beta\/wp-content\/uploads\/2023\/05\/2008_Studio-Domo_DESIGNANNUAL_by_speziell_Messestand-total-2-1024x683.jpg\" data-width=\"800\" data-height=\"534\" aria-label=\"Produkte des Herstellers werden auf der Grundfl\u00e4che arrangiert\" role=\"img\" ><\/div>\n\t\t\t\t\t\t\t\t\t\t\t<div class=\"elementor-gallery-item__overlay\"><\/div>\n\t\t\t\t\t\t\t\t\t\t\t\t\t\t<\/a>\n\t\t\t\t\t\t\t<a class=\"e-gallery-item elementor-gallery-item elementor-animated-content\" href=\"https:\/\/www.speziell.net\/beta\/wp-content\/uploads\/2023\/05\/2008_Studio-Domo_DESIGNANNUAL_by_speziell_Messestand-total-4.jpg\" data-elementor-open-lightbox=\"yes\" data-elementor-lightbox-slideshow=\"7cf8b4b4\" data-elementor-lightbox-title=\"2008_Studio Domo_DESIGNANNUAL_by_speziell_Messestand total 4\" data-elementor-lightbox-description=\"Das Logo ist in die wei\u00dfe Struktur integriert, Kleiderb\u00fcgel werden an zwei halb ge\u00f6ffneten Drehladen aufgeh\u00e4ngt\" data-e-action-hash=\"#elementor-action%3Aaction%3Dlightbox%26settings%3DeyJpZCI6MzQ2NiwidXJsIjoiaHR0cHM6XC9cL3d3dy5zcGV6aWVsbC5uZXRcL2JldGFcL3dwLWNvbnRlbnRcL3VwbG9hZHNcLzIwMjNcLzA1XC8yMDA4X1N0dWRpby1Eb21vX0RFU0lHTkFOTlVBTF9ieV9zcGV6aWVsbF9NZXNzZXN0YW5kLXRvdGFsLTQuanBnIiwic2xpZGVzaG93IjoiN2NmOGI0YjQifQ%3D%3D\">\n\t\t\t\t\t<div class=\"e-gallery-image elementor-gallery-item__image\" data-thumbnail=\"https:\/\/www.speziell.net\/beta\/wp-content\/uploads\/2023\/05\/2008_Studio-Domo_DESIGNANNUAL_by_speziell_Messestand-total-4-1024x683.jpg\" data-width=\"800\" data-height=\"534\" aria-label=\"Das Logo ist in die wei\u00dfe Struktur integriert, Kleiderb\u00fcgel werden an zwei halb ge\u00f6ffneten Drehladen aufgeh\u00e4ngt\" role=\"img\" ><\/div>\n\t\t\t\t\t\t\t\t\t\t\t<div class=\"elementor-gallery-item__overlay\"><\/div>\n\t\t\t\t\t\t\t\t\t\t\t\t\t\t<\/a>\n\t\t\t\t\t<\/div>\n\t\t\t\t\t<\/div>\n\t\t\t\t<\/div>\n\t\t\t\t\t<\/div>\n\t\t<\/div>\n\t\t\t\t\t<\/div>\n\t\t<\/section>\n\t\t\t\t<\/div>\n\t\t","protected":false},"excerpt":{"rendered":"<p>The Design Annual 2008 Motto: Showtime Der Hersteller Studio Domo pr\u00e4sentiert sich auf der Messe The Design Annual 2008 in Frankfurt. Die Gestaltungswerte von Studio Domo sollen vermittelt werden: Einfachheit, Klarheit, Originalit\u00e4t verbunden mit einem hohen Nutzwert. Die W\u00e4nde des Messestandes sind aus den Modulen des Kunststoff-Trolleys ALLY gebaut. Sie bilden einen Rahmen f\u00fcr die [&hellip;]<\/p>\n","protected":false},"author":1,"featured_media":3463,"comment_status":"open","ping_status":"open","sticky":false,"template":"","format":"standard","meta":{"footnotes":""},"categories":[8],"tags":[],"class_list":["post-3462","post","type-post","status-publish","format-standard","has-post-thumbnail","hentry","category-ausstellung"],"_links":{"self":[{"href":"https:\/\/www.speziell.net\/beta\/wp-json\/wp\/v2\/posts\/3462","targetHints":{"allow":["GET"]}}],"collection":[{"href":"https:\/\/www.speziell.net\/beta\/wp-json\/wp\/v2\/posts"}],"about":[{"href":"https:\/\/www.speziell.net\/beta\/wp-json\/wp\/v2\/types\/post"}],"author":[{"embeddable":true,"href":"https:\/\/www.speziell.net\/beta\/wp-json\/wp\/v2\/users\/1"}],"replies":[{"embeddable":true,"href":"https:\/\/www.speziell.net\/beta\/wp-json\/wp\/v2\/comments?post=3462"}],"version-history":[{"count":14,"href":"https:\/\/www.speziell.net\/beta\/wp-json\/wp\/v2\/posts\/3462\/revisions"}],"predecessor-version":[{"id":4887,"href":"https:\/\/www.speziell.net\/beta\/wp-json\/wp\/v2\/posts\/3462\/revisions\/4887"}],"wp:featuredmedia":[{"embeddable":true,"href":"https:\/\/www.speziell.net\/beta\/wp-json\/wp\/v2\/media\/3463"}],"wp:attachment":[{"href":"https:\/\/www.speziell.net\/beta\/wp-json\/wp\/v2\/media?parent=3462"}],"wp:term":[{"taxonomy":"category","embeddable":true,"href":"https:\/\/www.speziell.net\/beta\/wp-json\/wp\/v2\/categories?post=3462"},{"taxonomy":"post_tag","embeddable":true,"href":"https:\/\/www.speziell.net\/beta\/wp-json\/wp\/v2\/tags?post=3462"}],"curies":[{"name":"wp","href":"https:\/\/api.w.org\/{rel}","templated":true}]}}