{"id":3517,"date":"2020-03-22T17:24:00","date_gmt":"2020-03-22T16:24:00","guid":{"rendered":"https:\/\/www.speziell.net\/beta\/?p=3517"},"modified":"2025-11-17T14:56:17","modified_gmt":"2025-11-17T13:56:17","slug":"luminale-2020","status":"publish","type":"post","link":"https:\/\/www.speziell.net\/beta\/2020\/03\/22\/luminale-2020\/","title":{"rendered":"Luminale 2020"},"content":{"rendered":"\t\t<div data-elementor-type=\"wp-post\" data-elementor-id=\"3517\" class=\"elementor elementor-3517\" data-elementor-post-type=\"post\">\n\t\t\t\t\t\t<section class=\"elementor-section elementor-top-section elementor-element elementor-element-78627384 elementor-section-boxed elementor-section-height-default elementor-section-height-default\" data-id=\"78627384\" data-element_type=\"section\" data-e-type=\"section\">\n\t\t\t\t\t\t<div class=\"elementor-container elementor-column-gap-default\">\n\t\t\t\t\t<div class=\"elementor-column elementor-col-100 elementor-top-column elementor-element elementor-element-42b493c4\" data-id=\"42b493c4\" data-element_type=\"column\" data-e-type=\"column\">\n\t\t\t<div class=\"elementor-widget-wrap elementor-element-populated\">\n\t\t\t\t\t\t<div class=\"elementor-element elementor-element-78ea2215 elementor-hidden-mobile elementor-hidden-tablet elementor-widget elementor-widget-image\" data-id=\"78ea2215\" data-element_type=\"widget\" data-e-type=\"widget\" data-widget_type=\"image.default\">\n\t\t\t\t<div class=\"elementor-widget-container\">\n\t\t\t\t\t\t\t\t\t\t\t\t\t\t\t\t<a href=\"https:\/\/www.speziell.net\/beta\/home\/\">\n\t\t\t\t\t\t\t<img decoding=\"async\" width=\"100\" height=\"100\" src=\"https:\/\/www.speziell.net\/beta\/wp-content\/uploads\/2023\/02\/speziell_logo_grau-1.svg\" class=\"attachment-large size-large wp-image-731\" alt=\"Designstudio speziell\u00ae \u2013 Fleckenstein Pohlmann Schwer GbR\" \/>\t\t\t\t\t\t\t\t<\/a>\n\t\t\t\t\t\t\t\t\t\t\t\t\t\t\t<\/div>\n\t\t\t\t<\/div>\n\t\t\t\t<div class=\"elementor-element elementor-element-523b68ad elementor-hidden-desktop elementor-widget elementor-widget-image\" data-id=\"523b68ad\" data-element_type=\"widget\" data-e-type=\"widget\" data-widget_type=\"image.default\">\n\t\t\t\t<div class=\"elementor-widget-container\">\n\t\t\t\t\t\t\t\t\t\t\t\t\t\t\t\t<a href=\"https:\/\/www.speziell.net\/beta\/home\/\">\n\t\t\t\t\t\t\t<img decoding=\"async\" width=\"100\" height=\"100\" src=\"https:\/\/www.speziell.net\/beta\/wp-content\/uploads\/2023\/03\/speziell_logo_oSubline.svg\" class=\"attachment-large size-large wp-image-2739\" alt=\"\" \/>\t\t\t\t\t\t\t\t<\/a>\n\t\t\t\t\t\t\t\t\t\t\t\t\t\t\t<\/div>\n\t\t\t\t<\/div>\n\t\t\t\t\t<\/div>\n\t\t<\/div>\n\t\t\t\t\t<\/div>\n\t\t<\/section>\n\t\t\t\t<section class=\"elementor-section elementor-top-section elementor-element elementor-element-6b8dd9d7 elementor-section-boxed elementor-section-height-default elementor-section-height-default\" data-id=\"6b8dd9d7\" data-element_type=\"section\" data-e-type=\"section\">\n\t\t\t\t\t\t<div class=\"elementor-container elementor-column-gap-default\">\n\t\t\t\t\t<div class=\"elementor-column elementor-col-50 elementor-top-column elementor-element elementor-element-6f6231ba\" data-id=\"6f6231ba\" data-element_type=\"column\" data-e-type=\"column\">\n\t\t\t<div class=\"elementor-widget-wrap elementor-element-populated\">\n\t\t\t\t\t\t<div class=\"elementor-element elementor-element-45367a0e elementor-widget elementor-widget-heading\" data-id=\"45367a0e\" data-element_type=\"widget\" data-e-type=\"widget\" data-widget_type=\"heading.default\">\n\t\t\t\t<div class=\"elementor-widget-container\">\n\t\t\t\t\t<h2 class=\"elementor-heading-title elementor-size-default\">Installation von <br>Jens Pohlmann<\/h2>\t\t\t\t<\/div>\n\t\t\t\t<\/div>\n\t\t\t\t<div class=\"elementor-element elementor-element-1467a184 elementor-widget elementor-widget-text-editor\" data-id=\"1467a184\" data-element_type=\"widget\" data-e-type=\"widget\" data-widget_type=\"text-editor.default\">\n\t\t\t\t<div class=\"elementor-widget-container\">\n\t\t\t\t\t\t\t\t\t<p><strong>Gestaltungskonzept mit korrespondierenden Redebeitr\u00e4gen und Musik zur LUMINALE 2020<\/strong><\/p>\t\t\t\t\t\t\t\t<\/div>\n\t\t\t\t<\/div>\n\t\t\t\t<div class=\"elementor-element elementor-element-10007131 elementor-widget elementor-widget-text-editor\" data-id=\"10007131\" data-element_type=\"widget\" data-e-type=\"widget\" data-widget_type=\"text-editor.default\">\n\t\t\t\t<div class=\"elementor-widget-container\">\n\t\t\t\t\t\t\t\t\t<p>Unter dem Motto \u201eWarme T\u00f6ne &#8211; Kalte T\u00f6ne&#8220; konnten die Besucher*innen im Kirchenraum der Johannesgemeinde Offenbach neben anderen Lichteffekten einen \u201eWald aus Lichts\u00e4ulen&#8220; erleben.\u00a0 Die raumstrukturierenden S\u00e4ulen wurden einmal von innen mit warmen LEDs beleuchtet, einmal von au\u00dfen mit kaltem UV Licht. Die Schwarzlicht-Scheinwerfer lie\u00dfen auch das UV-Tape erstrahlen, das als Raster unter die S\u00e4ulen auf den Boden geklebt war. Zus\u00e4tzlich begannen transparente Gymnastikb\u00e4lle \u2013 die Sitzgelegenheiten boten \u2013 zu glimmen, da sie im Inneren mit orangefarbenen Neon-Pigmenten best\u00e4ubt worden waren (3D gedruckte Best\u00e4ubungs-Vorrichtung\u00a0 siehe Bild). W\u00e4hrend der Vortr\u00e4ge erleuchteten die runden Sitzgelegenheiten in hellerem Gelb und strahlten auf die umgebenden Papiers\u00e4ulen ab. Der verbleibende Teil des Kirchenraums war in frostiges Blau getaucht. W\u00e4hrend im Inneren der Kirche warme und kalte T\u00f6ne nach einem festgelegten Drehbuch abwechselten, erstrahlte der h\u00f6chste Glockenturm Offenbachs weithin sichtbar im Licht mehrerer Scheinwerfer.<\/p>\t\t\t\t\t\t\t\t<\/div>\n\t\t\t\t<\/div>\n\t\t\t\t\t<\/div>\n\t\t<\/div>\n\t\t\t\t<div class=\"elementor-column elementor-col-50 elementor-top-column elementor-element elementor-element-77b22bf5\" data-id=\"77b22bf5\" data-element_type=\"column\" data-e-type=\"column\">\n\t\t\t<div class=\"elementor-widget-wrap elementor-element-populated\">\n\t\t\t\t\t\t<div class=\"elementor-element elementor-element-5580de27 elementor-widget elementor-widget-gallery\" data-id=\"5580de27\" data-element_type=\"widget\" data-e-type=\"widget\" data-settings=\"{&quot;gallery_layout&quot;:&quot;masonry&quot;,&quot;columns&quot;:2,&quot;lazyload&quot;:&quot;yes&quot;,&quot;columns_tablet&quot;:2,&quot;columns_mobile&quot;:1,&quot;gap&quot;:{&quot;unit&quot;:&quot;px&quot;,&quot;size&quot;:10,&quot;sizes&quot;:[]},&quot;gap_tablet&quot;:{&quot;unit&quot;:&quot;px&quot;,&quot;size&quot;:10,&quot;sizes&quot;:[]},&quot;gap_mobile&quot;:{&quot;unit&quot;:&quot;px&quot;,&quot;size&quot;:10,&quot;sizes&quot;:[]},&quot;link_to&quot;:&quot;file&quot;,&quot;overlay_background&quot;:&quot;yes&quot;,&quot;content_hover_animation&quot;:&quot;fade-in&quot;}\" data-widget_type=\"gallery.default\">\n\t\t\t\t<div class=\"elementor-widget-container\">\n\t\t\t\t\t\t\t<div class=\"elementor-gallery__container\">\n\t\t\t\t\t\t\t<a class=\"e-gallery-item elementor-gallery-item elementor-animated-content\" href=\"https:\/\/www.speziell.net\/beta\/wp-content\/uploads\/2023\/05\/2020_Johannesgemeinde-OF_LUMINALE_by_Jens-Pohlmann_Ansicht-Saeulen-orange.jpg\" data-elementor-open-lightbox=\"yes\" data-elementor-lightbox-slideshow=\"5580de27\" data-elementor-lightbox-title=\"2020_Johannesgemeinde OF_LUMINALE_by_Jens Pohlmann_Ansicht S\u00e4ulen orange\" data-elementor-lightbox-description=\"Lichtstimmung 1: Die in den Raum geh\u00e4ngten S\u00e4ulen aus Papierlampions sind von innen warm beleuchtet.\" data-e-action-hash=\"#elementor-action%3Aaction%3Dlightbox%26settings%3DeyJpZCI6MzUyMSwidXJsIjoiaHR0cHM6XC9cL3d3dy5zcGV6aWVsbC5uZXRcL2JldGFcL3dwLWNvbnRlbnRcL3VwbG9hZHNcLzIwMjNcLzA1XC8yMDIwX0pvaGFubmVzZ2VtZWluZGUtT0ZfTFVNSU5BTEVfYnlfSmVucy1Qb2hsbWFubl9BbnNpY2h0LVNhZXVsZW4tb3JhbmdlLmpwZyIsInNsaWRlc2hvdyI6IjU1ODBkZTI3In0%3D\">\n\t\t\t\t\t<div class=\"e-gallery-image elementor-gallery-item__image\" data-thumbnail=\"https:\/\/www.speziell.net\/beta\/wp-content\/uploads\/2023\/05\/2020_Johannesgemeinde-OF_LUMINALE_by_Jens-Pohlmann_Ansicht-Saeulen-orange-1024x683.jpg\" data-width=\"800\" data-height=\"534\" aria-label=\"Lichtstimmung 1: Die in den Raum geh\u00e4ngten S\u00e4ulen aus Papierlampions sind von innen warm beleuchtet.\" role=\"img\" ><\/div>\n\t\t\t\t\t\t\t\t\t\t\t<div class=\"elementor-gallery-item__overlay\"><\/div>\n\t\t\t\t\t\t\t\t\t\t\t\t\t\t<\/a>\n\t\t\t\t\t\t\t<a class=\"e-gallery-item elementor-gallery-item elementor-animated-content\" href=\"https:\/\/www.speziell.net\/beta\/wp-content\/uploads\/2023\/05\/2020_Johannesgemeinde-OF_LUMINALE_by_Jens-Pohlmann_Ansicht-Saeulen-blau-1.jpg\" data-elementor-open-lightbox=\"yes\" data-elementor-lightbox-slideshow=\"5580de27\" data-elementor-lightbox-title=\"2020_Johannesgemeinde OF_LUMINALE_by_Jens Pohlmann_Ansicht S\u00e4ulen blau 1\" data-elementor-lightbox-description=\"Lichtstimmung 2: Die in den Raum geh\u00e4ngten S\u00e4ulen aus Papierlampions werden durch Schwarzlicht zum Leuchten angeregt. Es entsteht eine bl\u00e4ulich-kalte Lichtstimmung.\" data-e-action-hash=\"#elementor-action%3Aaction%3Dlightbox%26settings%3DeyJpZCI6MzUxOSwidXJsIjoiaHR0cHM6XC9cL3d3dy5zcGV6aWVsbC5uZXRcL2JldGFcL3dwLWNvbnRlbnRcL3VwbG9hZHNcLzIwMjNcLzA1XC8yMDIwX0pvaGFubmVzZ2VtZWluZGUtT0ZfTFVNSU5BTEVfYnlfSmVucy1Qb2hsbWFubl9BbnNpY2h0LVNhZXVsZW4tYmxhdS0xLmpwZyIsInNsaWRlc2hvdyI6IjU1ODBkZTI3In0%3D\">\n\t\t\t\t\t<div class=\"e-gallery-image elementor-gallery-item__image\" data-thumbnail=\"https:\/\/www.speziell.net\/beta\/wp-content\/uploads\/2023\/05\/2020_Johannesgemeinde-OF_LUMINALE_by_Jens-Pohlmann_Ansicht-Saeulen-blau-1-1024x683.jpg\" data-width=\"800\" data-height=\"534\" aria-label=\"Lichtstimmung 2: Die in den Raum geh\u00e4ngten S\u00e4ulen aus Papierlampions werden durch Schwarzlicht zum Leuchten angeregt. Es entsteht eine bl\u00e4ulich-kalte Lichtstimmung.\" role=\"img\" ><\/div>\n\t\t\t\t\t\t\t\t\t\t\t<div class=\"elementor-gallery-item__overlay\"><\/div>\n\t\t\t\t\t\t\t\t\t\t\t\t\t\t<\/a>\n\t\t\t\t\t\t\t<a class=\"e-gallery-item elementor-gallery-item elementor-animated-content\" href=\"https:\/\/www.speziell.net\/beta\/wp-content\/uploads\/2023\/05\/2020_Johannesgemeinde-OF_LUMINALE_by_Jens-Pohlmann_Detail-Sitzbaelle.jpg\" data-elementor-open-lightbox=\"yes\" data-elementor-lightbox-slideshow=\"5580de27\" data-elementor-lightbox-title=\"2020_Johannesgemeinde OF_LUMINALE_by_Jens Pohlmann_Detail Sitzb\u00e4lle\" data-elementor-lightbox-description=\"Die Sitzb\u00e4lle werden w\u00e4hrend der Vortr\u00e4ge von unten beleuchtet.\" data-e-action-hash=\"#elementor-action%3Aaction%3Dlightbox%26settings%3DeyJpZCI6MzUyNSwidXJsIjoiaHR0cHM6XC9cL3d3dy5zcGV6aWVsbC5uZXRcL2JldGFcL3dwLWNvbnRlbnRcL3VwbG9hZHNcLzIwMjNcLzA1XC8yMDIwX0pvaGFubmVzZ2VtZWluZGUtT0ZfTFVNSU5BTEVfYnlfSmVucy1Qb2hsbWFubl9EZXRhaWwtU2l0emJhZWxsZS5qcGciLCJzbGlkZXNob3ciOiI1NTgwZGUyNyJ9\">\n\t\t\t\t\t<div class=\"e-gallery-image elementor-gallery-item__image\" data-thumbnail=\"https:\/\/www.speziell.net\/beta\/wp-content\/uploads\/2023\/05\/2020_Johannesgemeinde-OF_LUMINALE_by_Jens-Pohlmann_Detail-Sitzbaelle-683x1024.jpg\" data-width=\"683\" data-height=\"1024\" aria-label=\"Die Sitzb\u00e4lle werden w\u00e4hrend der Vortr\u00e4ge von unten beleuchtet.\" role=\"img\" ><\/div>\n\t\t\t\t\t\t\t\t\t\t\t<div class=\"elementor-gallery-item__overlay\"><\/div>\n\t\t\t\t\t\t\t\t\t\t\t\t\t\t<\/a>\n\t\t\t\t\t\t\t<a class=\"e-gallery-item elementor-gallery-item elementor-animated-content\" href=\"https:\/\/www.speziell.net\/beta\/wp-content\/uploads\/2023\/05\/2020_Johannesgemeinde-OF_LUMINALE_by_Jens-Pohlmann_Detail-Saeulen-orange.jpg\" data-elementor-open-lightbox=\"yes\" data-elementor-lightbox-slideshow=\"5580de27\" data-elementor-lightbox-title=\"2020_Johannesgemeinde OF_LUMINALE_by_Jens Pohlmann_Detail S\u00e4ulen orange\" data-elementor-lightbox-description=\"Lichtstimmung 3: Die Papierlampions werden von zwei Seiten mit rotem und blauem Licht bestrahlt. Dadurch ergeben sich interessante Farbmischungen. \" data-e-action-hash=\"#elementor-action%3Aaction%3Dlightbox%26settings%3DeyJpZCI6MzUyNCwidXJsIjoiaHR0cHM6XC9cL3d3dy5zcGV6aWVsbC5uZXRcL2JldGFcL3dwLWNvbnRlbnRcL3VwbG9hZHNcLzIwMjNcLzA1XC8yMDIwX0pvaGFubmVzZ2VtZWluZGUtT0ZfTFVNSU5BTEVfYnlfSmVucy1Qb2hsbWFubl9EZXRhaWwtU2FldWxlbi1vcmFuZ2UuanBnIiwic2xpZGVzaG93IjoiNTU4MGRlMjcifQ%3D%3D\">\n\t\t\t\t\t<div class=\"e-gallery-image elementor-gallery-item__image\" data-thumbnail=\"https:\/\/www.speziell.net\/beta\/wp-content\/uploads\/2023\/05\/2020_Johannesgemeinde-OF_LUMINALE_by_Jens-Pohlmann_Detail-Saeulen-orange-683x1024.jpg\" data-width=\"683\" data-height=\"1024\" aria-label=\"Lichtstimmung 3: Die Papierlampions werden von zwei Seiten mit rotem und blauem Licht bestrahlt. Dadurch ergeben sich interessante Farbmischungen.\" role=\"img\" ><\/div>\n\t\t\t\t\t\t\t\t\t\t\t<div class=\"elementor-gallery-item__overlay\"><\/div>\n\t\t\t\t\t\t\t\t\t\t\t\t\t\t<\/a>\n\t\t\t\t\t\t\t<a class=\"e-gallery-item elementor-gallery-item elementor-animated-content\" href=\"https:\/\/www.speziell.net\/beta\/wp-content\/uploads\/2023\/05\/2020_Johannesgemeinde-OF_LUMINALE_by_Jens-Pohlmann_Ansicht-Sitzgruppe.jpg\" data-elementor-open-lightbox=\"yes\" data-elementor-lightbox-slideshow=\"5580de27\" data-elementor-lightbox-title=\"2020_Johannesgemeinde OF_LUMINALE_by_Jens Pohlmann_Ansicht Sitzgruppe\" data-elementor-lightbox-description=\"Zuh\u00f6rer sitzen w\u00e4hrend eines Vortrags auf den beleuchteten Gummib\u00e4llen.\" data-e-action-hash=\"#elementor-action%3Aaction%3Dlightbox%26settings%3DeyJpZCI6MzUyMiwidXJsIjoiaHR0cHM6XC9cL3d3dy5zcGV6aWVsbC5uZXRcL2JldGFcL3dwLWNvbnRlbnRcL3VwbG9hZHNcLzIwMjNcLzA1XC8yMDIwX0pvaGFubmVzZ2VtZWluZGUtT0ZfTFVNSU5BTEVfYnlfSmVucy1Qb2hsbWFubl9BbnNpY2h0LVNpdHpncnVwcGUuanBnIiwic2xpZGVzaG93IjoiNTU4MGRlMjcifQ%3D%3D\">\n\t\t\t\t\t<div class=\"e-gallery-image elementor-gallery-item__image\" data-thumbnail=\"https:\/\/www.speziell.net\/beta\/wp-content\/uploads\/2023\/05\/2020_Johannesgemeinde-OF_LUMINALE_by_Jens-Pohlmann_Ansicht-Sitzgruppe-1024x683.jpg\" data-width=\"800\" data-height=\"534\" aria-label=\"Zuh\u00f6rer sitzen w\u00e4hrend eines Vortrags auf den beleuchteten Gummib\u00e4llen.\" role=\"img\" ><\/div>\n\t\t\t\t\t\t\t\t\t\t\t<div class=\"elementor-gallery-item__overlay\"><\/div>\n\t\t\t\t\t\t\t\t\t\t\t\t\t\t<\/a>\n\t\t\t\t\t\t\t<a class=\"e-gallery-item elementor-gallery-item elementor-animated-content\" href=\"https:\/\/www.speziell.net\/beta\/wp-content\/uploads\/2023\/05\/2020_Johannesgemeinde-OF_LUMINALE_by_Jens-Pohlmann_Ansicht-Saeulen-blau-2.jpg\" data-elementor-open-lightbox=\"yes\" data-elementor-lightbox-slideshow=\"5580de27\" data-elementor-lightbox-title=\"2020_Johannesgemeinde OF_LUMINALE_by_Jens Pohlmann_Ansicht S\u00e4ulen blau 2\" data-elementor-lightbox-description=\"Neben den wei\u00dfen Lampions\u00e4ulen regt das Schwarzlicht auch orange Neonpigmente in den B\u00e4llen zum Leuchten an\" data-e-action-hash=\"#elementor-action%3Aaction%3Dlightbox%26settings%3DeyJpZCI6MzUyMCwidXJsIjoiaHR0cHM6XC9cL3d3dy5zcGV6aWVsbC5uZXRcL2JldGFcL3dwLWNvbnRlbnRcL3VwbG9hZHNcLzIwMjNcLzA1XC8yMDIwX0pvaGFubmVzZ2VtZWluZGUtT0ZfTFVNSU5BTEVfYnlfSmVucy1Qb2hsbWFubl9BbnNpY2h0LVNhZXVsZW4tYmxhdS0yLmpwZyIsInNsaWRlc2hvdyI6IjU1ODBkZTI3In0%3D\">\n\t\t\t\t\t<div class=\"e-gallery-image elementor-gallery-item__image\" data-thumbnail=\"https:\/\/www.speziell.net\/beta\/wp-content\/uploads\/2023\/05\/2020_Johannesgemeinde-OF_LUMINALE_by_Jens-Pohlmann_Ansicht-Saeulen-blau-2-1024x683.jpg\" data-width=\"800\" data-height=\"534\" aria-label=\"Neben den wei\u00dfen Lampions\u00e4ulen regt das Schwarzlicht auch orange Neonpigmente in den B\u00e4llen zum Leuchten an\" role=\"img\" ><\/div>\n\t\t\t\t\t\t\t\t\t\t\t<div class=\"elementor-gallery-item__overlay\"><\/div>\n\t\t\t\t\t\t\t\t\t\t\t\t\t\t<\/a>\n\t\t\t\t\t\t\t<a class=\"e-gallery-item elementor-gallery-item elementor-animated-content\" href=\"https:\/\/www.speziell.net\/beta\/wp-content\/uploads\/2023\/05\/2020_Johannesgemeinde-OF_LUMINALE_by_Jens-Pohlmann_Ansicht-Metallophon2.jpg\" data-elementor-open-lightbox=\"yes\" data-elementor-lightbox-slideshow=\"5580de27\" data-elementor-lightbox-title=\"2020_Johannesgemeinde OF_LUMINALE_by_Jens Pohlmann_Ansicht Metallophon2\" data-elementor-lightbox-description=\"Neben den Vortr\u00e4gen sind auch Auftritte von Musikern ein Teil des Luminale Konzepts. Auf dem Bild ist ein Metallophon Spieler zu sehen.\" data-e-action-hash=\"#elementor-action%3Aaction%3Dlightbox%26settings%3DeyJpZCI6MzUyOCwidXJsIjoiaHR0cHM6XC9cL3d3dy5zcGV6aWVsbC5uZXRcL2JldGFcL3dwLWNvbnRlbnRcL3VwbG9hZHNcLzIwMjNcLzA1XC8yMDIwX0pvaGFubmVzZ2VtZWluZGUtT0ZfTFVNSU5BTEVfYnlfSmVucy1Qb2hsbWFubl9BbnNpY2h0LU1ldGFsbG9waG9uMi5qcGciLCJzbGlkZXNob3ciOiI1NTgwZGUyNyJ9\">\n\t\t\t\t\t<div class=\"e-gallery-image elementor-gallery-item__image\" data-thumbnail=\"https:\/\/www.speziell.net\/beta\/wp-content\/uploads\/2023\/05\/2020_Johannesgemeinde-OF_LUMINALE_by_Jens-Pohlmann_Ansicht-Metallophon2-1024x683.jpg\" data-width=\"800\" data-height=\"534\" aria-label=\"Neben den Vortr\u00e4gen sind auch Auftritte von Musikern ein Teil des Luminale Konzepts. Auf dem Bild ist ein Metallophon Spieler zu sehen.\" role=\"img\" ><\/div>\n\t\t\t\t\t\t\t\t\t\t\t<div class=\"elementor-gallery-item__overlay\"><\/div>\n\t\t\t\t\t\t\t\t\t\t\t\t\t\t<\/a>\n\t\t\t\t\t\t\t<a class=\"e-gallery-item elementor-gallery-item elementor-animated-content\" href=\"https:\/\/www.speziell.net\/beta\/wp-content\/uploads\/2023\/05\/2020_Johannesgemeinde-OF_LUMINALE_by_Jens-Pohlmann_Detail-Saeulen-blau.jpg\" data-elementor-open-lightbox=\"yes\" data-elementor-lightbox-slideshow=\"5580de27\" data-elementor-lightbox-title=\"2020_Johannesgemeinde OF_LUMINALE_by_Jens Pohlmann_Detail S\u00e4ulen blau\" data-elementor-lightbox-description=\"Ein M\u00e4dchen tr\u00e4gt Buttons in Neonfarben, die im Schwarzlicht intensiv leuchten.\" data-e-action-hash=\"#elementor-action%3Aaction%3Dlightbox%26settings%3DeyJpZCI6MzUyMywidXJsIjoiaHR0cHM6XC9cL3d3dy5zcGV6aWVsbC5uZXRcL2JldGFcL3dwLWNvbnRlbnRcL3VwbG9hZHNcLzIwMjNcLzA1XC8yMDIwX0pvaGFubmVzZ2VtZWluZGUtT0ZfTFVNSU5BTEVfYnlfSmVucy1Qb2hsbWFubl9EZXRhaWwtU2FldWxlbi1ibGF1LmpwZyIsInNsaWRlc2hvdyI6IjU1ODBkZTI3In0%3D\">\n\t\t\t\t\t<div class=\"e-gallery-image elementor-gallery-item__image\" data-thumbnail=\"https:\/\/www.speziell.net\/beta\/wp-content\/uploads\/2023\/05\/2020_Johannesgemeinde-OF_LUMINALE_by_Jens-Pohlmann_Detail-Saeulen-blau-683x1024.jpg\" data-width=\"683\" data-height=\"1024\" aria-label=\"Ein M\u00e4dchen tr\u00e4gt Buttons in Neonfarben, die im Schwarzlicht intensiv leuchten.\" role=\"img\" ><\/div>\n\t\t\t\t\t\t\t\t\t\t\t<div class=\"elementor-gallery-item__overlay\"><\/div>\n\t\t\t\t\t\t\t\t\t\t\t\t\t\t<\/a>\n\t\t\t\t\t\t\t<a class=\"e-gallery-item elementor-gallery-item elementor-animated-content\" href=\"https:\/\/www.speziell.net\/beta\/wp-content\/uploads\/2023\/05\/2020_Johannesgemeinde-OF_LUMINALE_by_Jens-Pohlmann_Ansicht-Metallophon.jpg\" data-elementor-open-lightbox=\"yes\" data-elementor-lightbox-slideshow=\"5580de27\" data-elementor-lightbox-title=\"2020_Johannesgemeinde OF_LUMINALE_by_Jens Pohlmann_Ansicht Metallophon\" data-elementor-lightbox-description=\"Neben den Vortr\u00e4gen sind auch Auftritte von Musikern ein Teil des Luminale Konzepts. Auf dem Bild ist ein Metallophon Spieler zu sehen. \" data-e-action-hash=\"#elementor-action%3Aaction%3Dlightbox%26settings%3DeyJpZCI6MzUxOCwidXJsIjoiaHR0cHM6XC9cL3d3dy5zcGV6aWVsbC5uZXRcL2JldGFcL3dwLWNvbnRlbnRcL3VwbG9hZHNcLzIwMjNcLzA1XC8yMDIwX0pvaGFubmVzZ2VtZWluZGUtT0ZfTFVNSU5BTEVfYnlfSmVucy1Qb2hsbWFubl9BbnNpY2h0LU1ldGFsbG9waG9uLmpwZyIsInNsaWRlc2hvdyI6IjU1ODBkZTI3In0%3D\">\n\t\t\t\t\t<div class=\"e-gallery-image elementor-gallery-item__image\" data-thumbnail=\"https:\/\/www.speziell.net\/beta\/wp-content\/uploads\/2023\/05\/2020_Johannesgemeinde-OF_LUMINALE_by_Jens-Pohlmann_Ansicht-Metallophon-1024x683.jpg\" data-width=\"800\" data-height=\"534\" aria-label=\"Neben den Vortr\u00e4gen sind auch Auftritte von Musikern ein Teil des Luminale Konzepts. Auf dem Bild ist ein Metallophon Spieler zu sehen.\" role=\"img\" ><\/div>\n\t\t\t\t\t\t\t\t\t\t\t<div class=\"elementor-gallery-item__overlay\"><\/div>\n\t\t\t\t\t\t\t\t\t\t\t\t\t\t<\/a>\n\t\t\t\t\t\t\t<a class=\"e-gallery-item elementor-gallery-item elementor-animated-content\" href=\"https:\/\/www.speziell.net\/beta\/wp-content\/uploads\/2023\/06\/2020_Johannesgemeinde-OF_LUMINALE_by_Jens-Pohlmann_3Dprinted_pulveriser.jpg\" data-elementor-open-lightbox=\"yes\" data-elementor-lightbox-slideshow=\"5580de27\" data-elementor-lightbox-title=\"2020_Johannesgemeinde OF_LUMINALE_by_Jens Pohlmann_3Dprinted_pulveriser\" data-elementor-lightbox-description=\"3D gedruckte Best\u00e4ubungs-Vorrichtung \" data-e-action-hash=\"#elementor-action%3Aaction%3Dlightbox%26settings%3DeyJpZCI6Mzk2NCwidXJsIjoiaHR0cHM6XC9cL3d3dy5zcGV6aWVsbC5uZXRcL2JldGFcL3dwLWNvbnRlbnRcL3VwbG9hZHNcLzIwMjNcLzA2XC8yMDIwX0pvaGFubmVzZ2VtZWluZGUtT0ZfTFVNSU5BTEVfYnlfSmVucy1Qb2hsbWFubl8zRHByaW50ZWRfcHVsdmVyaXNlci5qcGciLCJzbGlkZXNob3ciOiI1NTgwZGUyNyJ9\">\n\t\t\t\t\t<div class=\"e-gallery-image elementor-gallery-item__image\" data-thumbnail=\"https:\/\/www.speziell.net\/beta\/wp-content\/uploads\/2023\/06\/2020_Johannesgemeinde-OF_LUMINALE_by_Jens-Pohlmann_3Dprinted_pulveriser-1024x1024.jpg\" data-width=\"800\" data-height=\"800\" aria-label=\"3D gedruckte Best\u00e4ubungs-Vorrichtung\" role=\"img\" ><\/div>\n\t\t\t\t\t\t\t\t\t\t\t<div class=\"elementor-gallery-item__overlay\"><\/div>\n\t\t\t\t\t\t\t\t\t\t\t\t\t\t<\/a>\n\t\t\t\t\t<\/div>\n\t\t\t\t\t<\/div>\n\t\t\t\t<\/div>\n\t\t\t\t<div class=\"elementor-element elementor-element-60fb5fa elementor-widget__width-initial elementor-widget elementor-widget-video\" data-id=\"60fb5fa\" data-element_type=\"widget\" data-e-type=\"widget\" data-settings=\"{&quot;video_type&quot;:&quot;hosted&quot;,&quot;autoplay&quot;:&quot;yes&quot;,&quot;loop&quot;:&quot;yes&quot;,&quot;controls&quot;:&quot;yes&quot;}\" data-widget_type=\"video.default\">\n\t\t\t\t<div class=\"elementor-widget-container\">\n\t\t\t\t\t\t\t<div class=\"e-hosted-video elementor-wrapper elementor-open-inline\">\n\t\t\t\t\t<video class=\"elementor-video\" src=\"https:\/\/www.speziell.net\/beta\/wp-content\/uploads\/2020\/03\/VID_23830828_153426_235.mp4\" autoplay=\"\" loop=\"\" controls=\"\" controlsList=\"nodownload\"><\/video>\n\t\t\t\t<\/div>\n\t\t\t\t\t\t<\/div>\n\t\t\t\t<\/div>\n\t\t\t\t<section class=\"elementor-section elementor-inner-section elementor-element elementor-element-7e1f5fa elementor-section-boxed elementor-section-height-default elementor-section-height-default\" data-id=\"7e1f5fa\" data-element_type=\"section\" data-e-type=\"section\">\n\t\t\t\t\t\t<div class=\"elementor-container elementor-column-gap-default\">\n\t\t\t\t\t<div class=\"elementor-column elementor-col-50 elementor-inner-column elementor-element elementor-element-632c4c3\" data-id=\"632c4c3\" data-element_type=\"column\" data-e-type=\"column\">\n\t\t\t<div class=\"elementor-widget-wrap\">\n\t\t\t\t\t\t\t<\/div>\n\t\t<\/div>\n\t\t\t\t<div class=\"elementor-column elementor-col-50 elementor-inner-column elementor-element elementor-element-d508bbf\" data-id=\"d508bbf\" data-element_type=\"column\" data-e-type=\"column\">\n\t\t\t<div class=\"elementor-widget-wrap\">\n\t\t\t\t\t\t\t<\/div>\n\t\t<\/div>\n\t\t\t\t\t<\/div>\n\t\t<\/section>\n\t\t\t\t\t<\/div>\n\t\t<\/div>\n\t\t\t\t\t<\/div>\n\t\t<\/section>\n\t\t\t\t<\/div>\n\t\t","protected":false},"excerpt":{"rendered":"<p>Installation von Jens Pohlmann Gestaltungskonzept mit korrespondierenden Redebeitr\u00e4gen und Musik zur LUMINALE 2020 Unter dem Motto \u201eWarme T\u00f6ne &#8211; Kalte T\u00f6ne&#8220; konnten die Besucher*innen im Kirchenraum der Johannesgemeinde Offenbach neben anderen Lichteffekten einen \u201eWald aus Lichts\u00e4ulen&#8220; erleben.\u00a0 Die raumstrukturierenden S\u00e4ulen wurden einmal von innen mit warmen LEDs beleuchtet, einmal von au\u00dfen mit kaltem UV Licht. [&hellip;]<\/p>\n","protected":false},"author":1,"featured_media":3519,"comment_status":"open","ping_status":"open","sticky":false,"template":"","format":"standard","meta":{"footnotes":""},"categories":[8],"tags":[],"class_list":["post-3517","post","type-post","status-publish","format-standard","has-post-thumbnail","hentry","category-ausstellung"],"_links":{"self":[{"href":"https:\/\/www.speziell.net\/beta\/wp-json\/wp\/v2\/posts\/3517","targetHints":{"allow":["GET"]}}],"collection":[{"href":"https:\/\/www.speziell.net\/beta\/wp-json\/wp\/v2\/posts"}],"about":[{"href":"https:\/\/www.speziell.net\/beta\/wp-json\/wp\/v2\/types\/post"}],"author":[{"embeddable":true,"href":"https:\/\/www.speziell.net\/beta\/wp-json\/wp\/v2\/users\/1"}],"replies":[{"embeddable":true,"href":"https:\/\/www.speziell.net\/beta\/wp-json\/wp\/v2\/comments?post=3517"}],"version-history":[{"count":38,"href":"https:\/\/www.speziell.net\/beta\/wp-json\/wp\/v2\/posts\/3517\/revisions"}],"predecessor-version":[{"id":6019,"href":"https:\/\/www.speziell.net\/beta\/wp-json\/wp\/v2\/posts\/3517\/revisions\/6019"}],"wp:featuredmedia":[{"embeddable":true,"href":"https:\/\/www.speziell.net\/beta\/wp-json\/wp\/v2\/media\/3519"}],"wp:attachment":[{"href":"https:\/\/www.speziell.net\/beta\/wp-json\/wp\/v2\/media?parent=3517"}],"wp:term":[{"taxonomy":"category","embeddable":true,"href":"https:\/\/www.speziell.net\/beta\/wp-json\/wp\/v2\/categories?post=3517"},{"taxonomy":"post_tag","embeddable":true,"href":"https:\/\/www.speziell.net\/beta\/wp-json\/wp\/v2\/tags?post=3517"}],"curies":[{"name":"wp","href":"https:\/\/api.w.org\/{rel}","templated":true}]}}